{"id":504,"date":"2021-01-22T12:34:54","date_gmt":"2021-01-22T15:34:54","guid":{"rendered":"https:\/\/aadas.org\/?p=504"},"modified":"2021-05-24T18:16:46","modified_gmt":"2021-05-24T21:16:46","slug":"libras-talk-show","status":"publish","type":"post","link":"https:\/\/aadas.org\/?p=504","title":{"rendered":"LIBRAS TALK SHOW"},"content":{"rendered":"<h1>Dia 27 de fevereiro, s\u00e1bado \u00e0s 17h<\/h1>\n<p><iframe loading=\"lazy\" title=\"Libras Talk Show - Episodio 3\" width=\"1080\" height=\"608\" src=\"https:\/\/www.youtube.com\/embed\/BVZne_td93k?feature=oembed\"  allow=\"accelerometer; autoplay; clipboard-write; encrypted-media; gyroscope; picture-in-picture\" allowfullscreen><\/iframe><\/p>\n<p>&nbsp;<\/p>\n<p>O LIBRAS TALK SHOW \u00e9 um evento online que re\u00fane entrevistas, apresenta\u00e7\u00f5es artisticas e culturais, tudo acessivel em LIBRAS. Com temas explorando as diferentes \u00e1reas do nosso dia-a-dia, os programas trazem tamb\u00e9m a possibilidade de te apresentar um pouquinho da comunidade surda. Entretenimento e informa\u00e7\u00e3o, literalmente na palma da sua m\u00e3o.<br \/>\nEntre para conferir as edi\u00e7\u00f5es anteriores:<\/p>\n","protected":false},"excerpt":{"rendered":"<p>Vem ai mais um Libras Talk Show, reserve sua agenda, dia 27 de Fevereiro, S\u00e1bado \u00e0s 17h<\/p>\n","protected":false},"author":1,"featured_media":510,"comment_status":"open","ping_status":"open","sticky":false,"template":"","format":"standard","meta":{"_et_pb_use_builder":"","_et_pb_old_content":"","_et_gb_content_width":"","_jetpack_memberships_contains_paid_content":false,"_joinchat":[],"footnotes":""},"categories":[1],"tags":[],"class_list":["post-504","post","type-post","status-publish","format-standard","has-post-thumbnail","hentry","category-sem-categoria"],"jetpack_featured_media_url":"https:\/\/aadas.org\/wp-content\/uploads\/2021\/01\/Talk-Show-Fev.jpg","jetpack_sharing_enabled":true,"_links":{"self":[{"href":"https:\/\/aadas.org\/index.php?rest_route=\/wp\/v2\/posts\/504","targetHints":{"allow":["GET"]}}],"collection":[{"href":"https:\/\/aadas.org\/index.php?rest_route=\/wp\/v2\/posts"}],"about":[{"href":"https:\/\/aadas.org\/index.php?rest_route=\/wp\/v2\/types\/post"}],"author":[{"embeddable":true,"href":"https:\/\/aadas.org\/index.php?rest_route=\/wp\/v2\/users\/1"}],"replies":[{"embeddable":true,"href":"https:\/\/aadas.org\/index.php?rest_route=%2Fwp%2Fv2%2Fcomments&post=504"}],"version-history":[{"count":2,"href":"https:\/\/aadas.org\/index.php?rest_route=\/wp\/v2\/posts\/504\/revisions"}],"predecessor-version":[{"id":506,"href":"https:\/\/aadas.org\/index.php?rest_route=\/wp\/v2\/posts\/504\/revisions\/506"}],"wp:featuredmedia":[{"embeddable":true,"href":"https:\/\/aadas.org\/index.php?rest_route=\/wp\/v2\/media\/510"}],"wp:attachment":[{"href":"https:\/\/aadas.org\/index.php?rest_route=%2Fwp%2Fv2%2Fmedia&parent=504"}],"wp:term":[{"taxonomy":"category","embeddable":true,"href":"https:\/\/aadas.org\/index.php?rest_route=%2Fwp%2Fv2%2Fcategories&post=504"},{"taxonomy":"post_tag","embeddable":true,"href":"https:\/\/aadas.org\/index.php?rest_route=%2Fwp%2Fv2%2Ftags&post=504"}],"curies":[{"name":"wp","href":"https:\/\/api.w.org\/{rel}","templated":true}]}}